{"id":323,"date":"2023-08-02T12:40:25","date_gmt":"2023-08-02T12:40:25","guid":{"rendered":"https:\/\/xn--glckimgarten-elb.at\/?p=323"},"modified":"2024-04-01T16:14:29","modified_gmt":"2024-04-01T16:14:29","slug":"impressionen","status":"publish","type":"post","link":"https:\/\/xn--glckimgarten-elb.at\/?p=323","title":{"rendered":"Impressionen"},"content":{"rendered":"\t\t<div data-elementor-type=\"wp-post\" data-elementor-id=\"323\" class=\"elementor elementor-323\">\n\t\t\t\t\t\t<section class=\"elementor-section elementor-top-section elementor-element elementor-element-50cd9dc elementor-section-boxed elementor-section-height-default elementor-section-height-default\" data-id=\"50cd9dc\" data-element_type=\"section\" data-e-type=\"section\">\n\t\t\t\t\t\t<div class=\"elementor-container elementor-column-gap-default\">\n\t\t\t\t\t<div class=\"elementor-column elementor-col-33 elementor-top-column elementor-element elementor-element-f31d102\" data-id=\"f31d102\" data-element_type=\"column\" data-e-type=\"column\">\n\t\t\t<div class=\"elementor-widget-wrap elementor-element-populated\">\n\t\t\t\t\t\t<div class=\"elementor-element elementor-element-42da645 elementor-widget elementor-widget-image\" data-id=\"42da645\" data-element_type=\"widget\" data-e-type=\"widget\" data-widget_type=\"image.default\">\n\t\t\t\t<div class=\"elementor-widget-container\">\n\t\t\t\t\t\t\t\t\t\t\t\t\t\t\t<img fetchpriority=\"high\" decoding=\"async\" width=\"640\" height=\"480\" src=\"https:\/\/xn--glckimgarten-elb.at\/wp-content\/uploads\/2023\/08\/IMG_0229.jpg\" class=\"attachment-large size-large wp-image-330\" alt=\"\" srcset=\"https:\/\/xn--glckimgarten-elb.at\/wp-content\/uploads\/2023\/08\/IMG_0229.jpg 640w, https:\/\/xn--glckimgarten-elb.at\/wp-content\/uploads\/2023\/08\/IMG_0229-300x225.jpg 300w, https:\/\/xn--glckimgarten-elb.at\/wp-content\/uploads\/2023\/08\/IMG_0229-1x1.jpg 1w\" sizes=\"(max-width: 640px) 100vw, 640px\" \/>\t\t\t\t\t\t\t\t\t\t\t\t\t\t\t<\/div>\n\t\t\t\t<\/div>\n\t\t\t\t\t<\/div>\n\t\t<\/div>\n\t\t\t\t<div class=\"elementor-column elementor-col-33 elementor-top-column elementor-element elementor-element-cf757e0\" data-id=\"cf757e0\" data-element_type=\"column\" data-e-type=\"column\">\n\t\t\t<div class=\"elementor-widget-wrap elementor-element-populated\">\n\t\t\t\t\t\t<div class=\"elementor-element elementor-element-bf9279d elementor-widget elementor-widget-image\" data-id=\"bf9279d\" data-element_type=\"widget\" data-e-type=\"widget\" data-widget_type=\"image.default\">\n\t\t\t\t<div class=\"elementor-widget-container\">\n\t\t\t\t\t\t\t\t\t\t\t\t\t\t\t<img decoding=\"async\" width=\"640\" height=\"480\" src=\"https:\/\/xn--glckimgarten-elb.at\/wp-content\/uploads\/2023\/08\/IMG_0255.jpg\" class=\"attachment-large size-large wp-image-326\" alt=\"\" srcset=\"https:\/\/xn--glckimgarten-elb.at\/wp-content\/uploads\/2023\/08\/IMG_0255.jpg 640w, https:\/\/xn--glckimgarten-elb.at\/wp-content\/uploads\/2023\/08\/IMG_0255-300x225.jpg 300w, https:\/\/xn--glckimgarten-elb.at\/wp-content\/uploads\/2023\/08\/IMG_0255-1x1.jpg 1w\" sizes=\"(max-width: 640px) 100vw, 640px\" \/>\t\t\t\t\t\t\t\t\t\t\t\t\t\t\t<\/div>\n\t\t\t\t<\/div>\n\t\t\t\t\t<\/div>\n\t\t<\/div>\n\t\t\t\t<div class=\"elementor-column elementor-col-33 elementor-top-column elementor-element elementor-element-a03c359\" data-id=\"a03c359\" data-element_type=\"column\" data-e-type=\"column\">\n\t\t\t<div class=\"elementor-widget-wrap elementor-element-populated\">\n\t\t\t\t\t\t<div class=\"elementor-element elementor-element-ca97420 elementor-widget elementor-widget-image\" data-id=\"ca97420\" data-element_type=\"widget\" data-e-type=\"widget\" data-widget_type=\"image.default\">\n\t\t\t\t<div class=\"elementor-widget-container\">\n\t\t\t\t\t\t\t\t\t\t\t\t\t\t\t<img decoding=\"async\" width=\"640\" height=\"480\" src=\"https:\/\/xn--glckimgarten-elb.at\/wp-content\/uploads\/2023\/08\/IMG_0216.jpg\" class=\"attachment-large size-large wp-image-327\" alt=\"\" srcset=\"https:\/\/xn--glckimgarten-elb.at\/wp-content\/uploads\/2023\/08\/IMG_0216.jpg 640w, https:\/\/xn--glckimgarten-elb.at\/wp-content\/uploads\/2023\/08\/IMG_0216-300x225.jpg 300w, https:\/\/xn--glckimgarten-elb.at\/wp-content\/uploads\/2023\/08\/IMG_0216-1x1.jpg 1w\" sizes=\"(max-width: 640px) 100vw, 640px\" \/>\t\t\t\t\t\t\t\t\t\t\t\t\t\t\t<\/div>\n\t\t\t\t<\/div>\n\t\t\t\t\t<\/div>\n\t\t<\/div>\n\t\t\t\t\t<\/div>\n\t\t<\/section>\n\t\t\t\t<section class=\"elementor-section elementor-top-section elementor-element elementor-element-fa079fe elementor-section-boxed elementor-section-height-default elementor-section-height-default\" data-id=\"fa079fe\" data-element_type=\"section\" data-e-type=\"section\">\n\t\t\t\t\t\t<div class=\"elementor-container elementor-column-gap-default\">\n\t\t\t\t\t<div class=\"elementor-column elementor-col-50 elementor-top-column elementor-element elementor-element-4cf3f58\" data-id=\"4cf3f58\" data-element_type=\"column\" data-e-type=\"column\">\n\t\t\t<div class=\"elementor-widget-wrap elementor-element-populated\">\n\t\t\t\t\t\t<div class=\"elementor-element elementor-element-36269f3 elementor-widget elementor-widget-image\" data-id=\"36269f3\" data-element_type=\"widget\" data-e-type=\"widget\" data-widget_type=\"image.default\">\n\t\t\t\t<div class=\"elementor-widget-container\">\n\t\t\t\t\t\t\t\t\t\t\t\t\t\t\t<img loading=\"lazy\" decoding=\"async\" width=\"640\" height=\"480\" src=\"https:\/\/xn--glckimgarten-elb.at\/wp-content\/uploads\/2023\/08\/IMG_0218.jpg\" class=\"attachment-large size-large wp-image-328\" alt=\"\" srcset=\"https:\/\/xn--glckimgarten-elb.at\/wp-content\/uploads\/2023\/08\/IMG_0218.jpg 640w, https:\/\/xn--glckimgarten-elb.at\/wp-content\/uploads\/2023\/08\/IMG_0218-300x225.jpg 300w, https:\/\/xn--glckimgarten-elb.at\/wp-content\/uploads\/2023\/08\/IMG_0218-1x1.jpg 1w\" sizes=\"(max-width: 640px) 100vw, 640px\" \/>\t\t\t\t\t\t\t\t\t\t\t\t\t\t\t<\/div>\n\t\t\t\t<\/div>\n\t\t\t\t\t<\/div>\n\t\t<\/div>\n\t\t\t\t<div class=\"elementor-column elementor-col-50 elementor-top-column elementor-element elementor-element-7720380\" data-id=\"7720380\" data-element_type=\"column\" data-e-type=\"column\">\n\t\t\t<div class=\"elementor-widget-wrap elementor-element-populated\">\n\t\t\t\t\t\t<div class=\"elementor-element elementor-element-6be0a32 elementor-widget elementor-widget-image\" data-id=\"6be0a32\" data-element_type=\"widget\" data-e-type=\"widget\" data-widget_type=\"image.default\">\n\t\t\t\t<div class=\"elementor-widget-container\">\n\t\t\t\t\t\t\t\t\t\t\t\t\t\t\t<img loading=\"lazy\" decoding=\"async\" width=\"640\" height=\"480\" src=\"https:\/\/xn--glckimgarten-elb.at\/wp-content\/uploads\/2023\/08\/IMG_0231.jpg\" class=\"attachment-large size-large wp-image-324\" alt=\"\" srcset=\"https:\/\/xn--glckimgarten-elb.at\/wp-content\/uploads\/2023\/08\/IMG_0231.jpg 640w, https:\/\/xn--glckimgarten-elb.at\/wp-content\/uploads\/2023\/08\/IMG_0231-300x225.jpg 300w, https:\/\/xn--glckimgarten-elb.at\/wp-content\/uploads\/2023\/08\/IMG_0231-1x1.jpg 1w\" sizes=\"(max-width: 640px) 100vw, 640px\" \/>\t\t\t\t\t\t\t\t\t\t\t\t\t\t\t<\/div>\n\t\t\t\t<\/div>\n\t\t\t\t\t<\/div>\n\t\t<\/div>\n\t\t\t\t\t<\/div>\n\t\t<\/section>\n\t\t\t\t<section class=\"elementor-section elementor-top-section elementor-element elementor-element-cd5ffe0 elementor-section-boxed elementor-section-height-default elementor-section-height-default\" data-id=\"cd5ffe0\" data-element_type=\"section\" data-e-type=\"section\">\n\t\t\t\t\t\t<div class=\"elementor-container elementor-column-gap-default\">\n\t\t\t\t\t<div class=\"elementor-column elementor-col-100 elementor-top-column elementor-element elementor-element-3df6901\" data-id=\"3df6901\" data-element_type=\"column\" data-e-type=\"column\">\n\t\t\t<div class=\"elementor-widget-wrap elementor-element-populated\">\n\t\t\t\t\t\t<div class=\"elementor-element elementor-element-c23e3ea elementor-widget elementor-widget-text-editor\" data-id=\"c23e3ea\" data-element_type=\"widget\" data-e-type=\"widget\" data-widget_type=\"text-editor.default\">\n\t\t\t\t<div class=\"elementor-widget-container\">\n\t\t\t\t\t\t\t\t\t<p>So bunt ist der Sommer! Die Farbenpracht des Fr\u00fchlings wird noch vom Mohn repr\u00e4sentiert. Und schon zeigt der fr\u00fche Sommer seine volle bunte Vielfalt.<\/p>\t\t\t\t\t\t\t\t<\/div>\n\t\t\t\t<\/div>\n\t\t\t\t\t<\/div>\n\t\t<\/div>\n\t\t\t\t\t<\/div>\n\t\t<\/section>\n\t\t\t\t<section class=\"elementor-section elementor-top-section elementor-element elementor-element-04e5074 elementor-section-boxed elementor-section-height-default elementor-section-height-default\" data-id=\"04e5074\" data-element_type=\"section\" data-e-type=\"section\">\n\t\t\t\t\t\t<div class=\"elementor-container elementor-column-gap-default\">\n\t\t\t\t\t<div class=\"elementor-column elementor-col-33 elementor-top-column elementor-element elementor-element-96ad8d4\" data-id=\"96ad8d4\" data-element_type=\"column\" data-e-type=\"column\">\n\t\t\t<div class=\"elementor-widget-wrap elementor-element-populated\">\n\t\t\t\t\t\t<div class=\"elementor-element elementor-element-f7bedd4 elementor-widget elementor-widget-image\" data-id=\"f7bedd4\" data-element_type=\"widget\" data-e-type=\"widget\" data-widget_type=\"image.default\">\n\t\t\t\t<div class=\"elementor-widget-container\">\n\t\t\t\t\t\t\t\t\t\t\t\t\t\t\t<img loading=\"lazy\" decoding=\"async\" width=\"640\" height=\"480\" src=\"https:\/\/xn--glckimgarten-elb.at\/wp-content\/uploads\/2023\/08\/IMG_0228.jpg\" class=\"attachment-large size-large wp-image-329\" alt=\"\" srcset=\"https:\/\/xn--glckimgarten-elb.at\/wp-content\/uploads\/2023\/08\/IMG_0228.jpg 640w, https:\/\/xn--glckimgarten-elb.at\/wp-content\/uploads\/2023\/08\/IMG_0228-300x225.jpg 300w, https:\/\/xn--glckimgarten-elb.at\/wp-content\/uploads\/2023\/08\/IMG_0228-1x1.jpg 1w\" sizes=\"(max-width: 640px) 100vw, 640px\" \/>\t\t\t\t\t\t\t\t\t\t\t\t\t\t\t<\/div>\n\t\t\t\t<\/div>\n\t\t\t\t\t<\/div>\n\t\t<\/div>\n\t\t\t\t<div class=\"elementor-column elementor-col-33 elementor-top-column elementor-element elementor-element-12d47aa\" data-id=\"12d47aa\" data-element_type=\"column\" data-e-type=\"column\">\n\t\t\t<div class=\"elementor-widget-wrap elementor-element-populated\">\n\t\t\t\t\t\t<div class=\"elementor-element elementor-element-e000058 elementor-widget elementor-widget-image\" data-id=\"e000058\" data-element_type=\"widget\" data-e-type=\"widget\" data-widget_type=\"image.default\">\n\t\t\t\t<div class=\"elementor-widget-container\">\n\t\t\t\t\t\t\t\t\t\t\t\t\t\t\t<img loading=\"lazy\" decoding=\"async\" width=\"640\" height=\"480\" src=\"https:\/\/xn--glckimgarten-elb.at\/wp-content\/uploads\/2023\/06\/IMG_7759.jpg\" class=\"attachment-large size-large wp-image-140\" alt=\"\" srcset=\"https:\/\/xn--glckimgarten-elb.at\/wp-content\/uploads\/2023\/06\/IMG_7759.jpg 640w, https:\/\/xn--glckimgarten-elb.at\/wp-content\/uploads\/2023\/06\/IMG_7759-300x225.jpg 300w, https:\/\/xn--glckimgarten-elb.at\/wp-content\/uploads\/2023\/06\/IMG_7759-1x1.jpg 1w\" sizes=\"(max-width: 640px) 100vw, 640px\" \/>\t\t\t\t\t\t\t\t\t\t\t\t\t\t\t<\/div>\n\t\t\t\t<\/div>\n\t\t\t\t\t<\/div>\n\t\t<\/div>\n\t\t\t\t<div class=\"elementor-column elementor-col-33 elementor-top-column elementor-element elementor-element-bf1b90b\" data-id=\"bf1b90b\" data-element_type=\"column\" data-e-type=\"column\">\n\t\t\t<div class=\"elementor-widget-wrap elementor-element-populated\">\n\t\t\t\t\t\t<div class=\"elementor-element elementor-element-f378788 elementor-widget elementor-widget-image\" data-id=\"f378788\" data-element_type=\"widget\" data-e-type=\"widget\" data-widget_type=\"image.default\">\n\t\t\t\t<div class=\"elementor-widget-container\">\n\t\t\t\t\t\t\t\t\t\t\t\t\t\t\t<img loading=\"lazy\" decoding=\"async\" width=\"640\" height=\"480\" src=\"https:\/\/xn--glckimgarten-elb.at\/wp-content\/uploads\/2023\/08\/IMG_0254.jpg\" class=\"attachment-large size-large wp-image-325\" alt=\"\" srcset=\"https:\/\/xn--glckimgarten-elb.at\/wp-content\/uploads\/2023\/08\/IMG_0254.jpg 640w, https:\/\/xn--glckimgarten-elb.at\/wp-content\/uploads\/2023\/08\/IMG_0254-300x225.jpg 300w, https:\/\/xn--glckimgarten-elb.at\/wp-content\/uploads\/2023\/08\/IMG_0254-1x1.jpg 1w\" sizes=\"(max-width: 640px) 100vw, 640px\" \/>\t\t\t\t\t\t\t\t\t\t\t\t\t\t\t<\/div>\n\t\t\t\t<\/div>\n\t\t\t\t\t<\/div>\n\t\t<\/div>\n\t\t\t\t\t<\/div>\n\t\t<\/section>\n\t\t\t\t<\/div>\n\t\t","protected":false},"excerpt":{"rendered":"<p>So bunt ist der Sommer! Die Farbenpracht des Fr\u00fchlings wird noch vom Mohn repr\u00e4sentiert. Und schon zeigt der fr\u00fche Sommer seine volle bunte Vielfalt.<\/p>\n","protected":false},"author":1,"featured_media":0,"comment_status":"open","ping_status":"open","sticky":false,"template":"","format":"standard","meta":{"om_disable_all_campaigns":false,"footnotes":""},"categories":[4],"tags":[6,5,11,12,13,7],"class_list":["post-323","post","type-post","status-publish","format-standard","hentry","category-projekte","tag-blumen","tag-garten","tag-gaertner","tag-glueck","tag-gluecksgaertner","tag-pflanzen"],"yoast_head":"<!-- This site is optimized with the Yoast SEO plugin v27.4 - https:\/\/yoast.com\/product\/yoast-seo-wordpress\/ -->\n<title>Impressionen -<\/title>\n<meta name=\"description\" content=\"Impressionen aus dem sommerlichen Garten. Endliche bl\u00fcht und gedeiht alles. Bunte Blumen, sonnige Pl\u00e4tze, Urlaub im Garten!\" \/>\n<meta name=\"robots\" content=\"index, follow, max-snippet:-1, max-image-preview:large, max-video-preview:-1\" \/>\n<link rel=\"canonical\" href=\"https:\/\/xn--glckimgarten-elb.at\/?p=323\" \/>\n<meta property=\"og:locale\" content=\"de_DE\" \/>\n<meta property=\"og:type\" content=\"article\" \/>\n<meta property=\"og:title\" content=\"Impressionen -\" \/>\n<meta property=\"og:description\" content=\"Impressionen aus dem sommerlichen Garten. Endliche bl\u00fcht und gedeiht alles. Bunte Blumen, sonnige Pl\u00e4tze, Urlaub im Garten!\" \/>\n<meta property=\"og:url\" content=\"https:\/\/xn--glckimgarten-elb.at\/?p=323\" \/>\n<meta property=\"article:published_time\" content=\"2023-08-02T12:40:25+00:00\" \/>\n<meta property=\"article:modified_time\" content=\"2024-04-01T16:14:29+00:00\" \/>\n<meta property=\"og:image\" content=\"https:\/\/xn--glckimgarten-elb.at\/wp-content\/uploads\/2023\/08\/IMG_0229.jpg\" \/>\n<meta name=\"author\" content=\"admin\" \/>\n<meta name=\"twitter:card\" content=\"summary_large_image\" \/>\n<meta name=\"twitter:label1\" content=\"Verfasst von\" \/>\n\t<meta name=\"twitter:data1\" content=\"admin\" \/>\n\t<meta name=\"twitter:label2\" content=\"Gesch\u00e4tzte Lesezeit\" \/>\n\t<meta name=\"twitter:data2\" content=\"2\u00a0Minuten\" \/>\n<script type=\"application\/ld+json\" class=\"yoast-schema-graph\">{\"@context\":\"https:\\\/\\\/schema.org\",\"@graph\":[{\"@type\":\"Article\",\"@id\":\"https:\\\/\\\/xn--glckimgarten-elb.at\\\/?p=323#article\",\"isPartOf\":{\"@id\":\"https:\\\/\\\/xn--glckimgarten-elb.at\\\/?p=323\"},\"author\":{\"name\":\"admin\",\"@id\":\"https:\\\/\\\/xn--glckimgarten-elb.at\\\/#\\\/schema\\\/person\\\/9cc4ec3a3a19a69a18776f0a793ef967\"},\"headline\":\"Impressionen\",\"datePublished\":\"2023-08-02T12:40:25+00:00\",\"dateModified\":\"2024-04-01T16:14:29+00:00\",\"mainEntityOfPage\":{\"@id\":\"https:\\\/\\\/xn--glckimgarten-elb.at\\\/?p=323\"},\"wordCount\":28,\"commentCount\":0,\"publisher\":{\"@id\":\"https:\\\/\\\/xn--glckimgarten-elb.at\\\/#organization\"},\"image\":{\"@id\":\"https:\\\/\\\/xn--glckimgarten-elb.at\\\/?p=323#primaryimage\"},\"thumbnailUrl\":\"https:\\\/\\\/xn--glckimgarten-elb.at\\\/wp-content\\\/uploads\\\/2023\\\/08\\\/IMG_0229.jpg\",\"keywords\":[\"Blumen\",\"Garten\",\"G\u00e4rtner\",\"Gl\u00fcck\",\"Gl\u00fccksg\u00e4rtner\",\"Pflanzen\"],\"articleSection\":[\"Projekte\"],\"inLanguage\":\"de\",\"potentialAction\":[{\"@type\":\"CommentAction\",\"name\":\"Comment\",\"target\":[\"https:\\\/\\\/xn--glckimgarten-elb.at\\\/?p=323#respond\"]}]},{\"@type\":\"WebPage\",\"@id\":\"https:\\\/\\\/xn--glckimgarten-elb.at\\\/?p=323\",\"url\":\"https:\\\/\\\/xn--glckimgarten-elb.at\\\/?p=323\",\"name\":\"Impressionen -\",\"isPartOf\":{\"@id\":\"https:\\\/\\\/xn--glckimgarten-elb.at\\\/#website\"},\"primaryImageOfPage\":{\"@id\":\"https:\\\/\\\/xn--glckimgarten-elb.at\\\/?p=323#primaryimage\"},\"image\":{\"@id\":\"https:\\\/\\\/xn--glckimgarten-elb.at\\\/?p=323#primaryimage\"},\"thumbnailUrl\":\"https:\\\/\\\/xn--glckimgarten-elb.at\\\/wp-content\\\/uploads\\\/2023\\\/08\\\/IMG_0229.jpg\",\"datePublished\":\"2023-08-02T12:40:25+00:00\",\"dateModified\":\"2024-04-01T16:14:29+00:00\",\"description\":\"Impressionen aus dem sommerlichen Garten. Endliche bl\u00fcht und gedeiht alles. Bunte Blumen, sonnige Pl\u00e4tze, Urlaub im Garten!\",\"breadcrumb\":{\"@id\":\"https:\\\/\\\/xn--glckimgarten-elb.at\\\/?p=323#breadcrumb\"},\"inLanguage\":\"de\",\"potentialAction\":[{\"@type\":\"ReadAction\",\"target\":[\"https:\\\/\\\/xn--glckimgarten-elb.at\\\/?p=323\"]}]},{\"@type\":\"ImageObject\",\"inLanguage\":\"de\",\"@id\":\"https:\\\/\\\/xn--glckimgarten-elb.at\\\/?p=323#primaryimage\",\"url\":\"https:\\\/\\\/xn--glckimgarten-elb.at\\\/wp-content\\\/uploads\\\/2023\\\/08\\\/IMG_0229.jpg\",\"contentUrl\":\"https:\\\/\\\/xn--glckimgarten-elb.at\\\/wp-content\\\/uploads\\\/2023\\\/08\\\/IMG_0229.jpg\",\"width\":640,\"height\":480},{\"@type\":\"BreadcrumbList\",\"@id\":\"https:\\\/\\\/xn--glckimgarten-elb.at\\\/?p=323#breadcrumb\",\"itemListElement\":[{\"@type\":\"ListItem\",\"position\":1,\"name\":\"Startseite\",\"item\":\"https:\\\/\\\/xn--glckimgarten-elb.at\\\/\"},{\"@type\":\"ListItem\",\"position\":2,\"name\":\"Impressionen\"}]},{\"@type\":\"WebSite\",\"@id\":\"https:\\\/\\\/xn--glckimgarten-elb.at\\\/#website\",\"url\":\"https:\\\/\\\/xn--glckimgarten-elb.at\\\/\",\"name\":\"Gl\u00fcck im Garten\",\"description\":\"\",\"publisher\":{\"@id\":\"https:\\\/\\\/xn--glckimgarten-elb.at\\\/#organization\"},\"potentialAction\":[{\"@type\":\"SearchAction\",\"target\":{\"@type\":\"EntryPoint\",\"urlTemplate\":\"https:\\\/\\\/xn--glckimgarten-elb.at\\\/?s={search_term_string}\"},\"query-input\":{\"@type\":\"PropertyValueSpecification\",\"valueRequired\":true,\"valueName\":\"search_term_string\"}}],\"inLanguage\":\"de\"},{\"@type\":\"Organization\",\"@id\":\"https:\\\/\\\/xn--glckimgarten-elb.at\\\/#organization\",\"name\":\"Jakob Trimmel, Gl\u00fcck im Garten\",\"url\":\"https:\\\/\\\/xn--glckimgarten-elb.at\\\/\",\"logo\":{\"@type\":\"ImageObject\",\"inLanguage\":\"de\",\"@id\":\"https:\\\/\\\/xn--glckimgarten-elb.at\\\/#\\\/schema\\\/logo\\\/image\\\/\",\"url\":\"https:\\\/\\\/xn--glckimgarten-elb.at\\\/wp-content\\\/uploads\\\/2023\\\/08\\\/cropped-logo512.png\",\"contentUrl\":\"https:\\\/\\\/xn--glckimgarten-elb.at\\\/wp-content\\\/uploads\\\/2023\\\/08\\\/cropped-logo512.png\",\"width\":512,\"height\":512,\"caption\":\"Jakob Trimmel, Gl\u00fcck im Garten\"},\"image\":{\"@id\":\"https:\\\/\\\/xn--glckimgarten-elb.at\\\/#\\\/schema\\\/logo\\\/image\\\/\"}},{\"@type\":\"Person\",\"@id\":\"https:\\\/\\\/xn--glckimgarten-elb.at\\\/#\\\/schema\\\/person\\\/9cc4ec3a3a19a69a18776f0a793ef967\",\"name\":\"admin\",\"image\":{\"@type\":\"ImageObject\",\"inLanguage\":\"de\",\"@id\":\"https:\\\/\\\/secure.gravatar.com\\\/avatar\\\/3812f1b9c82c21e5cdd6d38e6e5bc8f0dc084845a53a4f9eed23c5854b03d23d?s=96&d=mm&r=g\",\"url\":\"https:\\\/\\\/secure.gravatar.com\\\/avatar\\\/3812f1b9c82c21e5cdd6d38e6e5bc8f0dc084845a53a4f9eed23c5854b03d23d?s=96&d=mm&r=g\",\"contentUrl\":\"https:\\\/\\\/secure.gravatar.com\\\/avatar\\\/3812f1b9c82c21e5cdd6d38e6e5bc8f0dc084845a53a4f9eed23c5854b03d23d?s=96&d=mm&r=g\",\"caption\":\"admin\"},\"sameAs\":[\"https:\\\/\\\/xn--glckimgarten-elb.at\"],\"url\":\"https:\\\/\\\/xn--glckimgarten-elb.at\\\/?author=1\"}]}<\/script>\n<!-- \/ Yoast SEO plugin. -->","yoast_head_json":{"title":"Impressionen -","description":"Impressionen aus dem sommerlichen Garten. Endliche bl\u00fcht und gedeiht alles. Bunte Blumen, sonnige Pl\u00e4tze, Urlaub im Garten!","robots":{"index":"index","follow":"follow","max-snippet":"max-snippet:-1","max-image-preview":"max-image-preview:large","max-video-preview":"max-video-preview:-1"},"canonical":"https:\/\/xn--glckimgarten-elb.at\/?p=323","og_locale":"de_DE","og_type":"article","og_title":"Impressionen -","og_description":"Impressionen aus dem sommerlichen Garten. Endliche bl\u00fcht und gedeiht alles. Bunte Blumen, sonnige Pl\u00e4tze, Urlaub im Garten!","og_url":"https:\/\/xn--glckimgarten-elb.at\/?p=323","article_published_time":"2023-08-02T12:40:25+00:00","article_modified_time":"2024-04-01T16:14:29+00:00","og_image":[{"url":"https:\/\/xn--glckimgarten-elb.at\/wp-content\/uploads\/2023\/08\/IMG_0229.jpg","type":"","width":"","height":""}],"author":"admin","twitter_card":"summary_large_image","twitter_misc":{"Verfasst von":"admin","Gesch\u00e4tzte Lesezeit":"2\u00a0Minuten"},"schema":{"@context":"https:\/\/schema.org","@graph":[{"@type":"Article","@id":"https:\/\/xn--glckimgarten-elb.at\/?p=323#article","isPartOf":{"@id":"https:\/\/xn--glckimgarten-elb.at\/?p=323"},"author":{"name":"admin","@id":"https:\/\/xn--glckimgarten-elb.at\/#\/schema\/person\/9cc4ec3a3a19a69a18776f0a793ef967"},"headline":"Impressionen","datePublished":"2023-08-02T12:40:25+00:00","dateModified":"2024-04-01T16:14:29+00:00","mainEntityOfPage":{"@id":"https:\/\/xn--glckimgarten-elb.at\/?p=323"},"wordCount":28,"commentCount":0,"publisher":{"@id":"https:\/\/xn--glckimgarten-elb.at\/#organization"},"image":{"@id":"https:\/\/xn--glckimgarten-elb.at\/?p=323#primaryimage"},"thumbnailUrl":"https:\/\/xn--glckimgarten-elb.at\/wp-content\/uploads\/2023\/08\/IMG_0229.jpg","keywords":["Blumen","Garten","G\u00e4rtner","Gl\u00fcck","Gl\u00fccksg\u00e4rtner","Pflanzen"],"articleSection":["Projekte"],"inLanguage":"de","potentialAction":[{"@type":"CommentAction","name":"Comment","target":["https:\/\/xn--glckimgarten-elb.at\/?p=323#respond"]}]},{"@type":"WebPage","@id":"https:\/\/xn--glckimgarten-elb.at\/?p=323","url":"https:\/\/xn--glckimgarten-elb.at\/?p=323","name":"Impressionen -","isPartOf":{"@id":"https:\/\/xn--glckimgarten-elb.at\/#website"},"primaryImageOfPage":{"@id":"https:\/\/xn--glckimgarten-elb.at\/?p=323#primaryimage"},"image":{"@id":"https:\/\/xn--glckimgarten-elb.at\/?p=323#primaryimage"},"thumbnailUrl":"https:\/\/xn--glckimgarten-elb.at\/wp-content\/uploads\/2023\/08\/IMG_0229.jpg","datePublished":"2023-08-02T12:40:25+00:00","dateModified":"2024-04-01T16:14:29+00:00","description":"Impressionen aus dem sommerlichen Garten. Endliche bl\u00fcht und gedeiht alles. Bunte Blumen, sonnige Pl\u00e4tze, Urlaub im Garten!","breadcrumb":{"@id":"https:\/\/xn--glckimgarten-elb.at\/?p=323#breadcrumb"},"inLanguage":"de","potentialAction":[{"@type":"ReadAction","target":["https:\/\/xn--glckimgarten-elb.at\/?p=323"]}]},{"@type":"ImageObject","inLanguage":"de","@id":"https:\/\/xn--glckimgarten-elb.at\/?p=323#primaryimage","url":"https:\/\/xn--glckimgarten-elb.at\/wp-content\/uploads\/2023\/08\/IMG_0229.jpg","contentUrl":"https:\/\/xn--glckimgarten-elb.at\/wp-content\/uploads\/2023\/08\/IMG_0229.jpg","width":640,"height":480},{"@type":"BreadcrumbList","@id":"https:\/\/xn--glckimgarten-elb.at\/?p=323#breadcrumb","itemListElement":[{"@type":"ListItem","position":1,"name":"Startseite","item":"https:\/\/xn--glckimgarten-elb.at\/"},{"@type":"ListItem","position":2,"name":"Impressionen"}]},{"@type":"WebSite","@id":"https:\/\/xn--glckimgarten-elb.at\/#website","url":"https:\/\/xn--glckimgarten-elb.at\/","name":"Gl\u00fcck im Garten","description":"","publisher":{"@id":"https:\/\/xn--glckimgarten-elb.at\/#organization"},"potentialAction":[{"@type":"SearchAction","target":{"@type":"EntryPoint","urlTemplate":"https:\/\/xn--glckimgarten-elb.at\/?s={search_term_string}"},"query-input":{"@type":"PropertyValueSpecification","valueRequired":true,"valueName":"search_term_string"}}],"inLanguage":"de"},{"@type":"Organization","@id":"https:\/\/xn--glckimgarten-elb.at\/#organization","name":"Jakob Trimmel, Gl\u00fcck im Garten","url":"https:\/\/xn--glckimgarten-elb.at\/","logo":{"@type":"ImageObject","inLanguage":"de","@id":"https:\/\/xn--glckimgarten-elb.at\/#\/schema\/logo\/image\/","url":"https:\/\/xn--glckimgarten-elb.at\/wp-content\/uploads\/2023\/08\/cropped-logo512.png","contentUrl":"https:\/\/xn--glckimgarten-elb.at\/wp-content\/uploads\/2023\/08\/cropped-logo512.png","width":512,"height":512,"caption":"Jakob Trimmel, Gl\u00fcck im Garten"},"image":{"@id":"https:\/\/xn--glckimgarten-elb.at\/#\/schema\/logo\/image\/"}},{"@type":"Person","@id":"https:\/\/xn--glckimgarten-elb.at\/#\/schema\/person\/9cc4ec3a3a19a69a18776f0a793ef967","name":"admin","image":{"@type":"ImageObject","inLanguage":"de","@id":"https:\/\/secure.gravatar.com\/avatar\/3812f1b9c82c21e5cdd6d38e6e5bc8f0dc084845a53a4f9eed23c5854b03d23d?s=96&d=mm&r=g","url":"https:\/\/secure.gravatar.com\/avatar\/3812f1b9c82c21e5cdd6d38e6e5bc8f0dc084845a53a4f9eed23c5854b03d23d?s=96&d=mm&r=g","contentUrl":"https:\/\/secure.gravatar.com\/avatar\/3812f1b9c82c21e5cdd6d38e6e5bc8f0dc084845a53a4f9eed23c5854b03d23d?s=96&d=mm&r=g","caption":"admin"},"sameAs":["https:\/\/xn--glckimgarten-elb.at"],"url":"https:\/\/xn--glckimgarten-elb.at\/?author=1"}]}},"_links":{"self":[{"href":"https:\/\/xn--glckimgarten-elb.at\/index.php?rest_route=\/wp\/v2\/posts\/323","targetHints":{"allow":["GET"]}}],"collection":[{"href":"https:\/\/xn--glckimgarten-elb.at\/index.php?rest_route=\/wp\/v2\/posts"}],"about":[{"href":"https:\/\/xn--glckimgarten-elb.at\/index.php?rest_route=\/wp\/v2\/types\/post"}],"author":[{"embeddable":true,"href":"https:\/\/xn--glckimgarten-elb.at\/index.php?rest_route=\/wp\/v2\/users\/1"}],"replies":[{"embeddable":true,"href":"https:\/\/xn--glckimgarten-elb.at\/index.php?rest_route=%2Fwp%2Fv2%2Fcomments&post=323"}],"version-history":[{"count":14,"href":"https:\/\/xn--glckimgarten-elb.at\/index.php?rest_route=\/wp\/v2\/posts\/323\/revisions"}],"predecessor-version":[{"id":448,"href":"https:\/\/xn--glckimgarten-elb.at\/index.php?rest_route=\/wp\/v2\/posts\/323\/revisions\/448"}],"wp:attachment":[{"href":"https:\/\/xn--glckimgarten-elb.at\/index.php?rest_route=%2Fwp%2Fv2%2Fmedia&parent=323"}],"wp:term":[{"taxonomy":"category","embeddable":true,"href":"https:\/\/xn--glckimgarten-elb.at\/index.php?rest_route=%2Fwp%2Fv2%2Fcategories&post=323"},{"taxonomy":"post_tag","embeddable":true,"href":"https:\/\/xn--glckimgarten-elb.at\/index.php?rest_route=%2Fwp%2Fv2%2Ftags&post=323"}],"curies":[{"name":"wp","href":"https:\/\/api.w.org\/{rel}","templated":true}]}}